{"id":303063,"date":"2026-04-29T12:12:39","date_gmt":"2026-04-29T19:12:39","guid":{"rendered":"https:\/\/www.carewellseiu503.org\/carewell-seiu-503-lanza-la-nueva-asistencia-con-los-costos-de-atencion-medica-para-beneficios-relacionados-con-militares\/"},"modified":"2026-04-30T09:01:12","modified_gmt":"2026-04-30T16:01:12","slug":"newmilitaryhcabenefit","status":"publish","type":"post","link":"https:\/\/www.carewellseiu503.org\/es\/newmilitaryhcabenefit\/","title":{"rendered":"Carewell\u00a0SEIU\u00a0503 lanza la nueva asistencia con los costos de atenci\u00f3n m\u00e9dica para beneficios relacionados con militares"},"content":{"rendered":"<p>[et_pb_section fb_built=\u00bb1&#8243; _builder_version=\u00bb4.16&#8243; _module_preset=\u00bbdefault\u00bb min_height=\u00bb1032px\u00bb global_colors_info=\u00bb{}\u00bb][et_pb_row _builder_version=\u00bb4.27.6&#8243; _module_preset=\u00bbdefault\u00bb custom_margin=\u00bb-42px|auto||auto||\u00bb custom_padding=\u00bb0px|||||\u00bb global_colors_info=\u00bb{}\u00bb][et_pb_column type=\u00bb4_4&#8243; _builder_version=\u00bb4.27.6&#8243; _module_preset=\u00bbdefault\u00bb global_colors_info=\u00bb{}\u00bb][et_pb_text _builder_version=\u00bb4.27.6&#8243; _module_preset=\u00bbdefault\u00bb custom_padding=\u00bb0px|||||\u00bb global_colors_info=\u00bb{}\u00bb]<\/p>\n<p>El Consejo Directivo del Fideicomiso Complementario para Trabajadores de Atenci\u00f3n Domiciliaria de Oreg\u00f3n se complace en compartir una importante actualizaci\u00f3n relativa al beneficio de los gastos por cuenta propia del programa de asistencia con los costos de atenci\u00f3n m\u00e9dica destinado a los (las) proveedores(as) de atenci\u00f3n inscritos(as) en la Administraci\u00f3n de Veteranos (VA), CHAMPVA o TRICARE. Este cambio entr\u00f3 en vigor el 1.\u00ba de enero del 2026.<\/p>\n<p>Se actualizan las normas de elegibilidad del beneficio de asistencia con los costos de atenci\u00f3n m\u00e9dica en el marco del Fideicomiso Complementario de la siguiente manera:<\/p>\n<ul>\n<li>Los (las) proveedores(as) de atenci\u00f3n inscritos(as) en VA, CHAMPVA o TRICARE pueden ser elegibles para recibir beneficios de los gastos por cuenta propia del programa de asistencia con los costos de atenci\u00f3n m\u00e9dica a trav\u00e9s de la tarjeta prepagada de beneficios (por su sigla en ingl\u00e9s BCC). Para que sean elegibles, los (las) proveedores(as) de atenci\u00f3n deben cumplir adem\u00e1s el requisito de elegibilidad de Carewell\u00a0SEIU\u00a0503 de trabajar 40\u00a0horas o m\u00e1s al mes. Los beneficios de asistencia con los costos de atenci\u00f3n m\u00e9dica de VA, CHAMPVA o TRICARE finalizan 1\u00a0mes despu\u00e9s de haber trabajado menos de 40\u00a0horas al mes durante 2\u00a0meses consecutivos.<\/li>\n<\/ul>\n<ul>\n<li>El beneficio de asistencia con los costos de atenci\u00f3n m\u00e9dica destinado a los (las) proveedores(as) de atenci\u00f3n inscritos(as) en VA, CHAMPVA o TRICARE <strong>no<\/strong> incluye el reintegro de las primas.<\/li>\n<\/ul>\n<ul>\n<li>Los (las) proveedores(as) de atenci\u00f3n pueden presentarle a Ameriflex, el administrador de la BCC, las reclamaciones de reintegro de los gastos por cuenta propia cubiertos con fecha del 1.\u00ba de enero del 2026 y posteriores.<\/li>\n<\/ul>\n<p>[\/et_pb_text][\/et_pb_column][\/et_pb_row][et_pb_row make_equal=\u00bbon\u00bb _builder_version=\u00bb4.16&#8243; locked=\u00bboff\u00bb global_colors_info=\u00bb{}\u00bb][et_pb_column type=\u00bb4_4&#8243; _builder_version=\u00bb4.16&#8243; global_colors_info=\u00bb{}\u00bb][et_pb_text _builder_version=\u00bb4.27.6&#8243; min_height=\u00bb100%\u00bb custom_padding=\u00bb25px|25px|25px|25px|true|true\u00bb border_radii=\u00bbon|15px|15px|15px|15px\u00bb border_width_all=\u00bb3px\u00bb border_color_all=\u00bb#FFDF5B\u00bb global_colors_info=\u00bb{}\u00bb]<\/p>\n<h3>M\u00e1s informaci\u00f3n y recursos<\/h3>\n<p>Puede encontrar el Resumen de las modificaciones sustanciales (por su sigla en ingl\u00e9s SMM) del 2026 sobre la actualizaci\u00f3n del beneficio de asistencia con los costos de atenci\u00f3n m\u00e9dica (por su sigla en ingl\u00e9s HCA) para gastos por cuenta propia de veteranos(as) en la secci\u00f3n \u201cAsistencia con los costos de atenci\u00f3n m\u00e9dica\u201d de la Gu\u00eda sobre las Capacitaciones y los Beneficios de SEIU\u00a0503 del 2025.<br \/>\n<i class=\"fas fa-arrow-right\"><\/i> <a href=\"https:\/\/www.carewellseiu503.org\/es\/guide\/\" target=\"_blank\" rel=\"noopener\"> Descargue o solicite una copia de la Gu\u00eda<\/a><\/p>\n<p><i class=\"fas fa-arrow-right\"><\/i> <a href=\"https:\/\/www.carewellseiu503.org\/es\/benefits\/healthcare-cost-assistance\/healthcare-cost-assistance-military-connected-benefits\/\" target=\"_blank\" rel=\"noopener\"> Conozca m\u00e1s sobre la HCA para beneficios relacionados con militares<\/a>[\/et_pb_text][\/et_pb_column][\/et_pb_row][\/et_pb_section]<\/p>\n","protected":false},"excerpt":{"rendered":"<p>El Consejo Directivo del Fideicomiso Complementario para Trabajadores de Atenci\u00f3n Domiciliaria de Oreg\u00f3n se complace en compartir una importante actualizaci\u00f3n relativa al beneficio de los gastos por cuenta propia del programa de asistencia con los costos de atenci\u00f3n m\u00e9dica destinado a los (las) proveedores(as) de atenci\u00f3n inscritos(as) en la Administraci\u00f3n de Veteranos (VA), CHAMPVA o&#8230;<\/p>\n","protected":false},"author":30,"featured_media":248442,"comment_status":"open","ping_status":"open","sticky":true,"template":"","format":"standard","meta":{"_acf_changed":false,"_et_pb_use_builder":"on","_et_pb_old_content":"","_et_gb_content_width":"","footnotes":"","_links_to":"","_links_to_target":""},"categories":[873],"tags":[],"class_list":["post-303063","post","type-post","status-publish","format-standard","has-post-thumbnail","hentry","category-beneficio"],"acf":[],"yoast_head":"<!-- This site is optimized with the Yoast SEO plugin v27.5 - https:\/\/yoast.com\/product\/yoast-seo-wordpress\/ -->\n<title>Carewell\u00a0SEIU\u00a0503 lanza la nueva asistencia con los costos de atenci\u00f3n m\u00e9dica para beneficios relacionados con militares - Carewell SEIU 503<\/title>\n<meta name=\"description\" content=\"El Consejo Directivo del Fideicomiso Complementario para Trabajadores de Atenci\u00f3n Domiciliaria de Oreg\u00f3n se complace en compartir una importante actualizaci\u00f3n relativa al beneficio de los gastos por cuenta propia del programa de asistencia con los costos de atenci\u00f3n m\u00e9dica destinado a veteranos(as) inscritos(as) en la Administraci\u00f3n de Veteranos (por su sigla en ingl\u00e9s VA), CHAMPVA o TRICARE. Este cambio entr\u00f3 en vigor el 1.\u00ba de enero del 2026.\" \/>\n<meta name=\"robots\" content=\"index, follow, max-snippet:-1, max-image-preview:large, max-video-preview:-1\" \/>\n<link rel=\"canonical\" href=\"https:\/\/www.carewellseiu503.org\/es\/newmilitaryhcabenefit\/\" \/>\n<meta property=\"og:locale\" content=\"es_ES\" \/>\n<meta property=\"og:type\" content=\"article\" \/>\n<meta property=\"og:title\" content=\"Carewell\u00a0SEIU\u00a0503 lanza la nueva asistencia con los costos de atenci\u00f3n m\u00e9dica para beneficios relacionados con militares - Carewell SEIU 503\" \/>\n<meta property=\"og:description\" content=\"El Consejo Directivo del Fideicomiso Complementario para Trabajadores de Atenci\u00f3n Domiciliaria de Oreg\u00f3n se complace en compartir una importante actualizaci\u00f3n relativa al beneficio de los gastos por cuenta propia del programa de asistencia con los costos de atenci\u00f3n m\u00e9dica destinado a veteranos(as) inscritos(as) en la Administraci\u00f3n de Veteranos (por su sigla en ingl\u00e9s VA), CHAMPVA o TRICARE. Este cambio entr\u00f3 en vigor el 1.\u00ba de enero del 2026.\" \/>\n<meta property=\"og:site_name\" content=\"Carewell SEIU 503\" \/>\n<meta property=\"article:published_time\" content=\"2026-04-29T19:12:39+00:00\" \/>\n<meta property=\"article:modified_time\" content=\"2026-04-30T16:01:12+00:00\" \/>\n<meta property=\"og:image\" content=\"https:\/\/www.carewellseiu503.org\/wp-content\/uploads\/mainpreview.jpg\" \/>\n\t<meta property=\"og:image:width\" content=\"1500\" \/>\n\t<meta property=\"og:image:height\" content=\"788\" \/>\n\t<meta property=\"og:image:type\" content=\"image\/jpeg\" \/>\n<meta name=\"author\" content=\"Jean Sung\" \/>\n<meta name=\"twitter:card\" content=\"summary_large_image\" \/>\n<meta name=\"twitter:label1\" content=\"Escrito por\" \/>\n\t<meta name=\"twitter:data1\" content=\"Jean Sung\" \/>\n\t<meta name=\"twitter:label2\" content=\"Tiempo de lectura\" \/>\n\t<meta name=\"twitter:data2\" content=\"2 minutos\" \/>\n<script type=\"application\/ld+json\" class=\"yoast-schema-graph\">{\"@context\":\"https:\\\/\\\/schema.org\",\"@graph\":[{\"@type\":\"Article\",\"@id\":\"https:\\\/\\\/www.carewellseiu503.org\\\/es\\\/newmilitaryhcabenefit\\\/#article\",\"isPartOf\":{\"@id\":\"https:\\\/\\\/www.carewellseiu503.org\\\/es\\\/newmilitaryhcabenefit\\\/\"},\"author\":{\"name\":\"Jean Sung\",\"@id\":\"https:\\\/\\\/www.carewellseiu503.org\\\/es\\\/#\\\/schema\\\/person\\\/ba520e30445af1770ecafeeb00516dd0\"},\"headline\":\"Carewell\u00a0SEIU\u00a0503 lanza la nueva asistencia con los costos de atenci\u00f3n m\u00e9dica para beneficios relacionados con militares\",\"datePublished\":\"2026-04-29T19:12:39+00:00\",\"dateModified\":\"2026-04-30T16:01:12+00:00\",\"mainEntityOfPage\":{\"@id\":\"https:\\\/\\\/www.carewellseiu503.org\\\/es\\\/newmilitaryhcabenefit\\\/\"},\"wordCount\":545,\"commentCount\":0,\"publisher\":{\"@id\":\"https:\\\/\\\/www.carewellseiu503.org\\\/es\\\/#organization\"},\"image\":{\"@id\":\"https:\\\/\\\/www.carewellseiu503.org\\\/es\\\/newmilitaryhcabenefit\\\/#primaryimage\"},\"thumbnailUrl\":\"https:\\\/\\\/www.carewellseiu503.org\\\/wp-content\\\/uploads\\\/mainpreview.jpg\",\"articleSection\":[\"Beneficio\"],\"inLanguage\":\"es\",\"potentialAction\":[{\"@type\":\"CommentAction\",\"name\":\"Comment\",\"target\":[\"https:\\\/\\\/www.carewellseiu503.org\\\/es\\\/newmilitaryhcabenefit\\\/#respond\"]}]},{\"@type\":\"WebPage\",\"@id\":\"https:\\\/\\\/www.carewellseiu503.org\\\/es\\\/newmilitaryhcabenefit\\\/\",\"url\":\"https:\\\/\\\/www.carewellseiu503.org\\\/es\\\/newmilitaryhcabenefit\\\/\",\"name\":\"Carewell\u00a0SEIU\u00a0503 lanza la nueva asistencia con los costos de atenci\u00f3n m\u00e9dica para beneficios relacionados con militares - Carewell SEIU 503\",\"isPartOf\":{\"@id\":\"https:\\\/\\\/www.carewellseiu503.org\\\/es\\\/#website\"},\"primaryImageOfPage\":{\"@id\":\"https:\\\/\\\/www.carewellseiu503.org\\\/es\\\/newmilitaryhcabenefit\\\/#primaryimage\"},\"image\":{\"@id\":\"https:\\\/\\\/www.carewellseiu503.org\\\/es\\\/newmilitaryhcabenefit\\\/#primaryimage\"},\"thumbnailUrl\":\"https:\\\/\\\/www.carewellseiu503.org\\\/wp-content\\\/uploads\\\/mainpreview.jpg\",\"datePublished\":\"2026-04-29T19:12:39+00:00\",\"dateModified\":\"2026-04-30T16:01:12+00:00\",\"description\":\"El Consejo Directivo del Fideicomiso Complementario para Trabajadores de Atenci\u00f3n Domiciliaria de Oreg\u00f3n se complace en compartir una importante actualizaci\u00f3n relativa al beneficio de los gastos por cuenta propia del programa de asistencia con los costos de atenci\u00f3n m\u00e9dica destinado a veteranos(as) inscritos(as) en la Administraci\u00f3n de Veteranos (por su sigla en ingl\u00e9s VA), CHAMPVA o TRICARE. Este cambio entr\u00f3 en vigor el 1.\u00ba de enero del 2026.\",\"breadcrumb\":{\"@id\":\"https:\\\/\\\/www.carewellseiu503.org\\\/es\\\/newmilitaryhcabenefit\\\/#breadcrumb\"},\"inLanguage\":\"es\",\"potentialAction\":[{\"@type\":\"ReadAction\",\"target\":[\"https:\\\/\\\/www.carewellseiu503.org\\\/es\\\/newmilitaryhcabenefit\\\/\"]}]},{\"@type\":\"ImageObject\",\"inLanguage\":\"es\",\"@id\":\"https:\\\/\\\/www.carewellseiu503.org\\\/es\\\/newmilitaryhcabenefit\\\/#primaryimage\",\"url\":\"https:\\\/\\\/www.carewellseiu503.org\\\/wp-content\\\/uploads\\\/mainpreview.jpg\",\"contentUrl\":\"https:\\\/\\\/www.carewellseiu503.org\\\/wp-content\\\/uploads\\\/mainpreview.jpg\",\"width\":1500,\"height\":788},{\"@type\":\"BreadcrumbList\",\"@id\":\"https:\\\/\\\/www.carewellseiu503.org\\\/es\\\/newmilitaryhcabenefit\\\/#breadcrumb\",\"itemListElement\":[{\"@type\":\"ListItem\",\"position\":1,\"name\":\"Home\",\"item\":\"https:\\\/\\\/www.carewellseiu503.org\\\/es\\\/\"},{\"@type\":\"ListItem\",\"position\":2,\"name\":\"Carewell\u00a0SEIU\u00a0503 lanza la nueva asistencia con los costos de atenci\u00f3n m\u00e9dica para beneficios relacionados con militares\"}]},{\"@type\":\"WebSite\",\"@id\":\"https:\\\/\\\/www.carewellseiu503.org\\\/es\\\/#website\",\"url\":\"https:\\\/\\\/www.carewellseiu503.org\\\/es\\\/\",\"name\":\"Carewell SEIU 503\",\"description\":\"Health. Support. Training.\",\"publisher\":{\"@id\":\"https:\\\/\\\/www.carewellseiu503.org\\\/es\\\/#organization\"},\"potentialAction\":[{\"@type\":\"SearchAction\",\"target\":{\"@type\":\"EntryPoint\",\"urlTemplate\":\"https:\\\/\\\/www.carewellseiu503.org\\\/es\\\/?s={search_term_string}\"},\"query-input\":{\"@type\":\"PropertyValueSpecification\",\"valueRequired\":true,\"valueName\":\"search_term_string\"}}],\"inLanguage\":\"es\"},{\"@type\":\"Organization\",\"@id\":\"https:\\\/\\\/www.carewellseiu503.org\\\/es\\\/#organization\",\"name\":\"Carewell SEIU 503\",\"url\":\"https:\\\/\\\/www.carewellseiu503.org\\\/es\\\/\",\"logo\":{\"@type\":\"ImageObject\",\"inLanguage\":\"es\",\"@id\":\"https:\\\/\\\/www.carewellseiu503.org\\\/es\\\/#\\\/schema\\\/logo\\\/image\\\/\",\"url\":\"https:\\\/\\\/www.carewellseiu503.org\\\/wp-content\\\/uploads\\\/FB-Alt-1.jpg\",\"contentUrl\":\"https:\\\/\\\/www.carewellseiu503.org\\\/wp-content\\\/uploads\\\/FB-Alt-1.jpg\",\"width\":2398,\"height\":1256,\"caption\":\"Carewell SEIU 503\"},\"image\":{\"@id\":\"https:\\\/\\\/www.carewellseiu503.org\\\/es\\\/#\\\/schema\\\/logo\\\/image\\\/\"}},{\"@type\":\"Person\",\"@id\":\"https:\\\/\\\/www.carewellseiu503.org\\\/es\\\/#\\\/schema\\\/person\\\/ba520e30445af1770ecafeeb00516dd0\",\"name\":\"Jean Sung\",\"image\":{\"@type\":\"ImageObject\",\"inLanguage\":\"es\",\"@id\":\"https:\\\/\\\/secure.gravatar.com\\\/avatar\\\/2e3af7968c5f1e7d675f8e3f69ef99ce949e26e1b56e05bd88eadcd6140c77ef?s=96&d=mm&r=g\",\"url\":\"https:\\\/\\\/secure.gravatar.com\\\/avatar\\\/2e3af7968c5f1e7d675f8e3f69ef99ce949e26e1b56e05bd88eadcd6140c77ef?s=96&d=mm&r=g\",\"contentUrl\":\"https:\\\/\\\/secure.gravatar.com\\\/avatar\\\/2e3af7968c5f1e7d675f8e3f69ef99ce949e26e1b56e05bd88eadcd6140c77ef?s=96&d=mm&r=g\",\"caption\":\"Jean Sung\"},\"url\":\"https:\\\/\\\/www.carewellseiu503.org\\\/es\\\/author\\\/jean-rise\\\/\"}]}<\/script>\n<!-- \/ Yoast SEO plugin. -->","yoast_head_json":{"title":"Carewell\u00a0SEIU\u00a0503 lanza la nueva asistencia con los costos de atenci\u00f3n m\u00e9dica para beneficios relacionados con militares - Carewell SEIU 503","description":"El Consejo Directivo del Fideicomiso Complementario para Trabajadores de Atenci\u00f3n Domiciliaria de Oreg\u00f3n se complace en compartir una importante actualizaci\u00f3n relativa al beneficio de los gastos por cuenta propia del programa de asistencia con los costos de atenci\u00f3n m\u00e9dica destinado a veteranos(as) inscritos(as) en la Administraci\u00f3n de Veteranos (por su sigla en ingl\u00e9s VA), CHAMPVA o TRICARE. Este cambio entr\u00f3 en vigor el 1.\u00ba de enero del 2026.","robots":{"index":"index","follow":"follow","max-snippet":"max-snippet:-1","max-image-preview":"max-image-preview:large","max-video-preview":"max-video-preview:-1"},"canonical":"https:\/\/www.carewellseiu503.org\/es\/newmilitaryhcabenefit\/","og_locale":"es_ES","og_type":"article","og_title":"Carewell\u00a0SEIU\u00a0503 lanza la nueva asistencia con los costos de atenci\u00f3n m\u00e9dica para beneficios relacionados con militares - Carewell SEIU 503","og_description":"El Consejo Directivo del Fideicomiso Complementario para Trabajadores de Atenci\u00f3n Domiciliaria de Oreg\u00f3n se complace en compartir una importante actualizaci\u00f3n relativa al beneficio de los gastos por cuenta propia del programa de asistencia con los costos de atenci\u00f3n m\u00e9dica destinado a veteranos(as) inscritos(as) en la Administraci\u00f3n de Veteranos (por su sigla en ingl\u00e9s VA), CHAMPVA o TRICARE. Este cambio entr\u00f3 en vigor el 1.\u00ba de enero del 2026.","og_site_name":"Carewell SEIU 503","article_published_time":"2026-04-29T19:12:39+00:00","article_modified_time":"2026-04-30T16:01:12+00:00","og_image":[{"width":1500,"height":788,"url":"https:\/\/www.carewellseiu503.org\/wp-content\/uploads\/mainpreview.jpg","type":"image\/jpeg"}],"author":"Jean Sung","twitter_card":"summary_large_image","twitter_misc":{"Escrito por":"Jean Sung","Tiempo de lectura":"2 minutos"},"schema":{"@context":"https:\/\/schema.org","@graph":[{"@type":"Article","@id":"https:\/\/www.carewellseiu503.org\/es\/newmilitaryhcabenefit\/#article","isPartOf":{"@id":"https:\/\/www.carewellseiu503.org\/es\/newmilitaryhcabenefit\/"},"author":{"name":"Jean Sung","@id":"https:\/\/www.carewellseiu503.org\/es\/#\/schema\/person\/ba520e30445af1770ecafeeb00516dd0"},"headline":"Carewell\u00a0SEIU\u00a0503 lanza la nueva asistencia con los costos de atenci\u00f3n m\u00e9dica para beneficios relacionados con militares","datePublished":"2026-04-29T19:12:39+00:00","dateModified":"2026-04-30T16:01:12+00:00","mainEntityOfPage":{"@id":"https:\/\/www.carewellseiu503.org\/es\/newmilitaryhcabenefit\/"},"wordCount":545,"commentCount":0,"publisher":{"@id":"https:\/\/www.carewellseiu503.org\/es\/#organization"},"image":{"@id":"https:\/\/www.carewellseiu503.org\/es\/newmilitaryhcabenefit\/#primaryimage"},"thumbnailUrl":"https:\/\/www.carewellseiu503.org\/wp-content\/uploads\/mainpreview.jpg","articleSection":["Beneficio"],"inLanguage":"es","potentialAction":[{"@type":"CommentAction","name":"Comment","target":["https:\/\/www.carewellseiu503.org\/es\/newmilitaryhcabenefit\/#respond"]}]},{"@type":"WebPage","@id":"https:\/\/www.carewellseiu503.org\/es\/newmilitaryhcabenefit\/","url":"https:\/\/www.carewellseiu503.org\/es\/newmilitaryhcabenefit\/","name":"Carewell\u00a0SEIU\u00a0503 lanza la nueva asistencia con los costos de atenci\u00f3n m\u00e9dica para beneficios relacionados con militares - Carewell SEIU 503","isPartOf":{"@id":"https:\/\/www.carewellseiu503.org\/es\/#website"},"primaryImageOfPage":{"@id":"https:\/\/www.carewellseiu503.org\/es\/newmilitaryhcabenefit\/#primaryimage"},"image":{"@id":"https:\/\/www.carewellseiu503.org\/es\/newmilitaryhcabenefit\/#primaryimage"},"thumbnailUrl":"https:\/\/www.carewellseiu503.org\/wp-content\/uploads\/mainpreview.jpg","datePublished":"2026-04-29T19:12:39+00:00","dateModified":"2026-04-30T16:01:12+00:00","description":"El Consejo Directivo del Fideicomiso Complementario para Trabajadores de Atenci\u00f3n Domiciliaria de Oreg\u00f3n se complace en compartir una importante actualizaci\u00f3n relativa al beneficio de los gastos por cuenta propia del programa de asistencia con los costos de atenci\u00f3n m\u00e9dica destinado a veteranos(as) inscritos(as) en la Administraci\u00f3n de Veteranos (por su sigla en ingl\u00e9s VA), CHAMPVA o TRICARE. Este cambio entr\u00f3 en vigor el 1.\u00ba de enero del 2026.","breadcrumb":{"@id":"https:\/\/www.carewellseiu503.org\/es\/newmilitaryhcabenefit\/#breadcrumb"},"inLanguage":"es","potentialAction":[{"@type":"ReadAction","target":["https:\/\/www.carewellseiu503.org\/es\/newmilitaryhcabenefit\/"]}]},{"@type":"ImageObject","inLanguage":"es","@id":"https:\/\/www.carewellseiu503.org\/es\/newmilitaryhcabenefit\/#primaryimage","url":"https:\/\/www.carewellseiu503.org\/wp-content\/uploads\/mainpreview.jpg","contentUrl":"https:\/\/www.carewellseiu503.org\/wp-content\/uploads\/mainpreview.jpg","width":1500,"height":788},{"@type":"BreadcrumbList","@id":"https:\/\/www.carewellseiu503.org\/es\/newmilitaryhcabenefit\/#breadcrumb","itemListElement":[{"@type":"ListItem","position":1,"name":"Home","item":"https:\/\/www.carewellseiu503.org\/es\/"},{"@type":"ListItem","position":2,"name":"Carewell\u00a0SEIU\u00a0503 lanza la nueva asistencia con los costos de atenci\u00f3n m\u00e9dica para beneficios relacionados con militares"}]},{"@type":"WebSite","@id":"https:\/\/www.carewellseiu503.org\/es\/#website","url":"https:\/\/www.carewellseiu503.org\/es\/","name":"Carewell SEIU 503","description":"Health. Support. Training.","publisher":{"@id":"https:\/\/www.carewellseiu503.org\/es\/#organization"},"potentialAction":[{"@type":"SearchAction","target":{"@type":"EntryPoint","urlTemplate":"https:\/\/www.carewellseiu503.org\/es\/?s={search_term_string}"},"query-input":{"@type":"PropertyValueSpecification","valueRequired":true,"valueName":"search_term_string"}}],"inLanguage":"es"},{"@type":"Organization","@id":"https:\/\/www.carewellseiu503.org\/es\/#organization","name":"Carewell SEIU 503","url":"https:\/\/www.carewellseiu503.org\/es\/","logo":{"@type":"ImageObject","inLanguage":"es","@id":"https:\/\/www.carewellseiu503.org\/es\/#\/schema\/logo\/image\/","url":"https:\/\/www.carewellseiu503.org\/wp-content\/uploads\/FB-Alt-1.jpg","contentUrl":"https:\/\/www.carewellseiu503.org\/wp-content\/uploads\/FB-Alt-1.jpg","width":2398,"height":1256,"caption":"Carewell SEIU 503"},"image":{"@id":"https:\/\/www.carewellseiu503.org\/es\/#\/schema\/logo\/image\/"}},{"@type":"Person","@id":"https:\/\/www.carewellseiu503.org\/es\/#\/schema\/person\/ba520e30445af1770ecafeeb00516dd0","name":"Jean Sung","image":{"@type":"ImageObject","inLanguage":"es","@id":"https:\/\/secure.gravatar.com\/avatar\/2e3af7968c5f1e7d675f8e3f69ef99ce949e26e1b56e05bd88eadcd6140c77ef?s=96&d=mm&r=g","url":"https:\/\/secure.gravatar.com\/avatar\/2e3af7968c5f1e7d675f8e3f69ef99ce949e26e1b56e05bd88eadcd6140c77ef?s=96&d=mm&r=g","contentUrl":"https:\/\/secure.gravatar.com\/avatar\/2e3af7968c5f1e7d675f8e3f69ef99ce949e26e1b56e05bd88eadcd6140c77ef?s=96&d=mm&r=g","caption":"Jean Sung"},"url":"https:\/\/www.carewellseiu503.org\/es\/author\/jean-rise\/"}]}},"_links":{"self":[{"href":"https:\/\/www.carewellseiu503.org\/es\/wp-json\/wp\/v2\/posts\/303063","targetHints":{"allow":["GET"]}}],"collection":[{"href":"https:\/\/www.carewellseiu503.org\/es\/wp-json\/wp\/v2\/posts"}],"about":[{"href":"https:\/\/www.carewellseiu503.org\/es\/wp-json\/wp\/v2\/types\/post"}],"author":[{"embeddable":true,"href":"https:\/\/www.carewellseiu503.org\/es\/wp-json\/wp\/v2\/users\/30"}],"replies":[{"embeddable":true,"href":"https:\/\/www.carewellseiu503.org\/es\/wp-json\/wp\/v2\/comments?post=303063"}],"version-history":[{"count":5,"href":"https:\/\/www.carewellseiu503.org\/es\/wp-json\/wp\/v2\/posts\/303063\/revisions"}],"predecessor-version":[{"id":303332,"href":"https:\/\/www.carewellseiu503.org\/es\/wp-json\/wp\/v2\/posts\/303063\/revisions\/303332"}],"wp:featuredmedia":[{"embeddable":true,"href":"https:\/\/www.carewellseiu503.org\/es\/wp-json\/wp\/v2\/media\/248442"}],"wp:attachment":[{"href":"https:\/\/www.carewellseiu503.org\/es\/wp-json\/wp\/v2\/media?parent=303063"}],"wp:term":[{"taxonomy":"category","embeddable":true,"href":"https:\/\/www.carewellseiu503.org\/es\/wp-json\/wp\/v2\/categories?post=303063"},{"taxonomy":"post_tag","embeddable":true,"href":"https:\/\/www.carewellseiu503.org\/es\/wp-json\/wp\/v2\/tags?post=303063"}],"curies":[{"name":"wp","href":"https:\/\/api.w.org\/{rel}","templated":true}]}}